{"id":69,"date":"2010-11-21T15:12:26","date_gmt":"2010-11-21T14:12:26","guid":{"rendered":"http:\/\/www.fredrikalvelov.se\/?p=69"},"modified":"2012-07-12T20:44:16","modified_gmt":"2012-07-12T18:44:16","slug":"nostalgi-ett-satt-att-fa-perspektiv","status":"publish","type":"post","link":"https:\/\/fredrikalvelov.se\/?p=69","title":{"rendered":"Nostalgi &#8211; ett s\u00e4tt att f\u00e5 perspektiv"},"content":{"rendered":"<p>Jag l\u00e4ser mycket lokalhistoria nu och har alltid \u00e4gnat mig \u00e5t nostalgi. M\u00e5nga tror att nostalgiker uteslutande tillh\u00f6r gruppen som alltf\u00f6r ofta h\u00f6rs yttra &#8221;det var b\u00e4ttre f\u00f6rr&#8221;. Au contraire: Jag h\u00e4vdar med best\u00e4mdhet att utan kunskap om historien kan vi aldrig se f\u00f6rb\u00e4ttringar.<\/p>\n<p>Jag \u00e4lskar gamla SAAB:ar. S\u00e5, nu var det sagt! Denna regniga eftermiddag har jag till\u00e4gnad SAAB och dess historia, via internets outt\u00f6mliga rikedom. Massor av gamla reklamsnuttar f\u00f6r SAAB p\u00e5 YouTube och bilder p\u00e5 v\u00e4lv\u00e5rdade bilar, som nu uppn\u00e5tt veteranstatus. En s\u00e5dan vill jag sj\u00e4lv ha i min samling om n\u00e5gra \u00e5r. En SAAB 99 fr\u00e5n 1970-talet, som min f\u00f6rsta bil var.<\/p>\n<p><a href=\"http:\/\/www.fredrikalvelov.se\/wp-content\/uploads\/2010\/11\/min_gamla_saab.jpg\"><img loading=\"lazy\" decoding=\"async\" class=\"alignnone size-medium wp-image-70\" title=\"min_gamla_saab\" src=\"http:\/\/www.fredrikalvelov.se\/wp-content\/uploads\/2010\/11\/min_gamla_saab-300x202.jpg\" alt=\"\" width=\"300\" height=\"202\" \/><\/a><\/p>\n","protected":false},"excerpt":{"rendered":"<p>Jag l\u00e4ser mycket lokalhistoria nu och har alltid \u00e4gnat mig \u00e5t nostalgi. M\u00e5nga tror att nostalgiker uteslutande tillh\u00f6r gruppen som alltf\u00f6r ofta h\u00f6rs yttra &#8221;det var b\u00e4ttre f\u00f6rr&#8221;. Au contraire: Jag h\u00e4vdar med best\u00e4mdhet att utan kunskap om historien kan&#8230; <a href=\"https:\/\/fredrikalvelov.se\/?p=69\" class=\"readmore\">L\u00e4s mer<span class=\"screen-reader-text\">Nostalgi &#8211; ett s\u00e4tt att f\u00e5 perspektiv<\/span><span class=\"fa fa-angle-double-right\" aria-hidden=\"true\"><\/span><\/a><\/p>\n","protected":false},"author":1,"featured_media":0,"comment_status":"open","ping_status":"open","sticky":false,"template":"","format":"standard","meta":{"footnotes":""},"categories":[10,5],"tags":[],"class_list":["post-69","post","type-post","status-publish","format-standard","hentry","category-filosofiskt","category-personligt","content-layout-excerpt-thumb"],"_links":{"self":[{"href":"https:\/\/fredrikalvelov.se\/index.php?rest_route=\/wp\/v2\/posts\/69","targetHints":{"allow":["GET"]}}],"collection":[{"href":"https:\/\/fredrikalvelov.se\/index.php?rest_route=\/wp\/v2\/posts"}],"about":[{"href":"https:\/\/fredrikalvelov.se\/index.php?rest_route=\/wp\/v2\/types\/post"}],"author":[{"embeddable":true,"href":"https:\/\/fredrikalvelov.se\/index.php?rest_route=\/wp\/v2\/users\/1"}],"replies":[{"embeddable":true,"href":"https:\/\/fredrikalvelov.se\/index.php?rest_route=%2Fwp%2Fv2%2Fcomments&post=69"}],"version-history":[{"count":2,"href":"https:\/\/fredrikalvelov.se\/index.php?rest_route=\/wp\/v2\/posts\/69\/revisions"}],"predecessor-version":[{"id":398,"href":"https:\/\/fredrikalvelov.se\/index.php?rest_route=\/wp\/v2\/posts\/69\/revisions\/398"}],"wp:attachment":[{"href":"https:\/\/fredrikalvelov.se\/index.php?rest_route=%2Fwp%2Fv2%2Fmedia&parent=69"}],"wp:term":[{"taxonomy":"category","embeddable":true,"href":"https:\/\/fredrikalvelov.se\/index.php?rest_route=%2Fwp%2Fv2%2Fcategories&post=69"},{"taxonomy":"post_tag","embeddable":true,"href":"https:\/\/fredrikalvelov.se\/index.php?rest_route=%2Fwp%2Fv2%2Ftags&post=69"}],"curies":[{"name":"wp","href":"https:\/\/api.w.org\/{rel}","templated":true}]}}