{"id":685,"date":"2018-09-06T01:22:20","date_gmt":"2018-09-05T23:22:20","guid":{"rendered":"http:\/\/fredrikalvelov.se\/?p=685"},"modified":"2018-09-06T01:22:32","modified_gmt":"2018-09-05T23:22:32","slug":"vad-gor-oss-onda","status":"publish","type":"post","link":"https:\/\/fredrikalvelov.se\/?p=685","title":{"rendered":"Vad g\u00f6r oss onda?"},"content":{"rendered":"<p>En befogad fr\u00e5ga, efter att ha l\u00e4st ett antal b\u00f6cker av John Ajvide Lindqvist. Med st\u00f6rsta sannolikhet \u00e4r karln inte ondskefull. M\u00f6rkret finns inom oss alla. Det som skiljer en god m\u00e4nniska fr\u00e5n en ond \u00e4r vad vi v\u00e4ljer att agera utifr\u00e5n.<\/p>\n<p>Jag har alltid fascinerats av det bisarra och ov\u00e4ntade. B\u00e5de ondska och fantastisk, rosaskimrande k\u00e4rlek. Det g\u00f6r oss hela och kompletta.<\/p>\n<p>I 90-talsthrillern &#8221;Vanishing&#8221; med Jeff Bridges som den r\u00e4tt vidriga figuren Barney f\u00e5r vi det f\u00f6rklarat f\u00f6r oss: Han r\u00e4ddade n\u00e5gon fr\u00e5n att drunkna framf\u00f6r \u00f6gonen p\u00e5 sin dotter och blev en hj\u00e4lte i hennes \u00f6gon. D\u00e4rf\u00f6r ville han ocks\u00e5 se om han var kapabel att g\u00f6ra n\u00e5got riktigt ondskefullt &#8211; r\u00f6va bort n\u00e5gon, s\u00f6va denna person och l\u00e5ta den vakna upp levande begravd.<\/p>\n<p>V\u00e4xlingarna mellan vrede, hat, k\u00e4rlek, gl\u00e4dje, eufori, svartsjuka, saknad och sorg \u00e4r det som definierar oss som m\u00e4nniskor. Utan dessa k\u00e4nslor skulle jag inte k\u00e4nna mig levande, hur pl\u00e5gsamt det \u00e4n kan vara ibland.<\/p>\n","protected":false},"excerpt":{"rendered":"<p>En befogad fr\u00e5ga, efter att ha l\u00e4st ett antal b\u00f6cker av John Ajvide Lindqvist. Med st\u00f6rsta sannolikhet \u00e4r karln inte ondskefull. M\u00f6rkret finns inom oss alla. Det som skiljer en god m\u00e4nniska fr\u00e5n en ond \u00e4r vad vi v\u00e4ljer att&#8230; <a href=\"https:\/\/fredrikalvelov.se\/?p=685\" class=\"readmore\">L\u00e4s mer<span class=\"screen-reader-text\">Vad g\u00f6r oss onda?<\/span><span class=\"fa fa-angle-double-right\" aria-hidden=\"true\"><\/span><\/a><\/p>\n","protected":false},"author":1,"featured_media":0,"comment_status":"closed","ping_status":"open","sticky":false,"template":"","format":"standard","meta":{"footnotes":""},"categories":[10,5],"tags":[],"class_list":["post-685","post","type-post","status-publish","format-standard","hentry","category-filosofiskt","category-personligt","content-layout-excerpt-thumb"],"_links":{"self":[{"href":"https:\/\/fredrikalvelov.se\/index.php?rest_route=\/wp\/v2\/posts\/685","targetHints":{"allow":["GET"]}}],"collection":[{"href":"https:\/\/fredrikalvelov.se\/index.php?rest_route=\/wp\/v2\/posts"}],"about":[{"href":"https:\/\/fredrikalvelov.se\/index.php?rest_route=\/wp\/v2\/types\/post"}],"author":[{"embeddable":true,"href":"https:\/\/fredrikalvelov.se\/index.php?rest_route=\/wp\/v2\/users\/1"}],"replies":[{"embeddable":true,"href":"https:\/\/fredrikalvelov.se\/index.php?rest_route=%2Fwp%2Fv2%2Fcomments&post=685"}],"version-history":[{"count":1,"href":"https:\/\/fredrikalvelov.se\/index.php?rest_route=\/wp\/v2\/posts\/685\/revisions"}],"predecessor-version":[{"id":686,"href":"https:\/\/fredrikalvelov.se\/index.php?rest_route=\/wp\/v2\/posts\/685\/revisions\/686"}],"wp:attachment":[{"href":"https:\/\/fredrikalvelov.se\/index.php?rest_route=%2Fwp%2Fv2%2Fmedia&parent=685"}],"wp:term":[{"taxonomy":"category","embeddable":true,"href":"https:\/\/fredrikalvelov.se\/index.php?rest_route=%2Fwp%2Fv2%2Fcategories&post=685"},{"taxonomy":"post_tag","embeddable":true,"href":"https:\/\/fredrikalvelov.se\/index.php?rest_route=%2Fwp%2Fv2%2Ftags&post=685"}],"curies":[{"name":"wp","href":"https:\/\/api.w.org\/{rel}","templated":true}]}}