{"id":667,"date":"2017-01-29T01:54:51","date_gmt":"2017-01-29T00:54:51","guid":{"rendered":"http:\/\/fredrikalvelov.se\/?p=667"},"modified":"2017-01-29T01:55:39","modified_gmt":"2017-01-29T00:55:39","slug":"vi-ar-passiva-utropstecken","status":"publish","type":"post","link":"https:\/\/fredrikalvelov.se\/?p=667","title":{"rendered":"Vi \u00e4r passiva utropstecken!"},"content":{"rendered":"<p>Inne p\u00e5 mitt 45:e levnads\u00e5r. Sitter med en repris av hockeymatchen mellan Lule\u00e5 och V\u00e4xj\u00f6 p\u00e5 TV&#8217;n i bakgrunden. H\u00f6rlurar med Ratata &#8211; Sent i september.<\/p>\n<p>Gammalt m\u00f6ter nytt och det \u00e4r d\u00e4r i gr\u00e4nslandet som tankarna sv\u00e4var fritt.<\/p>\n<p>Tre f\u00f6rh\u00e5llanden, inne p\u00e5 det fj\u00e4rde och hittills l\u00e4ngsta, som har passerat 7 \u00e5r.<\/p>\n<p>Inkomster fr\u00e5n 6 olika h\u00e5ll under \u00e5ret som g\u00e5tt: Egen firma, Life, ABF, Medborgarskolan, \u00d6rebro kommun och Hallsbergs kommun.<\/p>\n<p>Jag \u00e4r ganska tr\u00f6tt p\u00e5 att jag bara kommunicerar med mig sj\u00e4lv i form av stolpar &#8211; en enda l\u00e5ng punktlista. De perioder jag har m\u00e5tt som b\u00e4st \u00e4r n\u00e4r jag har h\u00e5llit kontinuitet i mina intressen. Jag tror inte att jag blir lycklig f\u00f6rr\u00e4n jag bryter igenom islagret av panik\u00e5ngest som fortfarande ligger som en tunn hinna \u00f6ver min tr\u00e4ningsgl\u00e4dje i gymmet. Det som band samman dagarna till veckor, m\u00e5nader och \u00e5r \u00e4r nu bara en ofokuserad gestalt i min historiebok. Det som var min stolthet och prestation blir bara ett h\u00e5n i spegeln, som ber\u00e4ttar en helt annan historia.<\/p>\n<p>Nu g\u00e4ller det att v\u00e4nda passivitet till aktivitet. V\u00e5ren kommer snart att g\u00f6ra det l\u00e4ttare, men det borde inte spela n\u00e5gon roll. Det gjorde det aldrig f\u00f6rr.<\/p>\n","protected":false},"excerpt":{"rendered":"<p>Inne p\u00e5 mitt 45:e levnads\u00e5r. Sitter med en repris av hockeymatchen mellan Lule\u00e5 och V\u00e4xj\u00f6 p\u00e5 TV&#8217;n i bakgrunden. H\u00f6rlurar med Ratata &#8211; Sent i september. Gammalt m\u00f6ter nytt och det \u00e4r d\u00e4r i gr\u00e4nslandet som tankarna sv\u00e4var fritt. Tre&#8230; <a href=\"https:\/\/fredrikalvelov.se\/?p=667\" class=\"readmore\">L\u00e4s mer<span class=\"screen-reader-text\">Vi \u00e4r passiva utropstecken!<\/span><span class=\"fa fa-angle-double-right\" aria-hidden=\"true\"><\/span><\/a><\/p>\n","protected":false},"author":1,"featured_media":0,"comment_status":"closed","ping_status":"open","sticky":false,"template":"","format":"standard","meta":{"footnotes":""},"categories":[5],"tags":[],"class_list":["post-667","post","type-post","status-publish","format-standard","hentry","category-personligt","content-layout-excerpt-thumb"],"_links":{"self":[{"href":"https:\/\/fredrikalvelov.se\/index.php?rest_route=\/wp\/v2\/posts\/667","targetHints":{"allow":["GET"]}}],"collection":[{"href":"https:\/\/fredrikalvelov.se\/index.php?rest_route=\/wp\/v2\/posts"}],"about":[{"href":"https:\/\/fredrikalvelov.se\/index.php?rest_route=\/wp\/v2\/types\/post"}],"author":[{"embeddable":true,"href":"https:\/\/fredrikalvelov.se\/index.php?rest_route=\/wp\/v2\/users\/1"}],"replies":[{"embeddable":true,"href":"https:\/\/fredrikalvelov.se\/index.php?rest_route=%2Fwp%2Fv2%2Fcomments&post=667"}],"version-history":[{"count":2,"href":"https:\/\/fredrikalvelov.se\/index.php?rest_route=\/wp\/v2\/posts\/667\/revisions"}],"predecessor-version":[{"id":669,"href":"https:\/\/fredrikalvelov.se\/index.php?rest_route=\/wp\/v2\/posts\/667\/revisions\/669"}],"wp:attachment":[{"href":"https:\/\/fredrikalvelov.se\/index.php?rest_route=%2Fwp%2Fv2%2Fmedia&parent=667"}],"wp:term":[{"taxonomy":"category","embeddable":true,"href":"https:\/\/fredrikalvelov.se\/index.php?rest_route=%2Fwp%2Fv2%2Fcategories&post=667"},{"taxonomy":"post_tag","embeddable":true,"href":"https:\/\/fredrikalvelov.se\/index.php?rest_route=%2Fwp%2Fv2%2Ftags&post=667"}],"curies":[{"name":"wp","href":"https:\/\/api.w.org\/{rel}","templated":true}]}}