{"id":664,"date":"2016-12-27T00:13:12","date_gmt":"2016-12-26T23:13:12","guid":{"rendered":"http:\/\/fredrikalvelov.se\/?p=664"},"modified":"2016-12-27T00:13:12","modified_gmt":"2016-12-26T23:13:12","slug":"i-en-dum-varld-ar-det-inte-svart-att-verka-klok","status":"publish","type":"post","link":"https:\/\/fredrikalvelov.se\/?p=664","title":{"rendered":"I en dum v\u00e4rld \u00e4r det inte sv\u00e5rt att verka klok"},"content":{"rendered":"<p>Citatet i rubriken minns jag fr\u00e5n en Bamse-tidning i min barndom. Naturligtvis var det besserwissern Skalman som stod f\u00f6r uttalandet.<\/p>\n<p>Idag \u00e4r det som om beundran f\u00f6r intelligens eller utbildning \u00e4r som bortbl\u00e5st. Jantelagen f\u00f6rbjuder oss att framh\u00e4va v\u00e5ra \u00f6verl\u00e4gsna sidor.<\/p>\n<p>Detta medan alternativmedicin och new age sprids som en l\u00f6peld \u00f6ver n\u00e4tet. Som om det &#8221;mystiska&#8221; \u00e4r mer lockande \u00e4n forskning och vetenskap? Jag lovar alla som sysslar med de alternativa v\u00e4rlds\u00e5sk\u00e5dningarna att om ni brydde er om att \u00f6ppna facklitteratur och faktiskt l\u00e4rde er n\u00e5got anv\u00e4ndbart, s\u00e5 skulle ni f\u00f6rst\u00e5 att det \u00e4r den \u00e4kta v\u00e4rlden som \u00e4r mest fascinerande av alla!<\/p>\n<p>Jag driver en h\u00e5rd retorik i sociala medier mot religion, alternativmedicin och konspirationsteorier. Det som skr\u00e4mmer mig mest \u00e4r n\u00e4r jag ser folk p\u00e5 min v\u00e4nlista sprida dessa irrl\u00e4ror och &#8221;gillar&#8221; dem. Jag f\u00f6r en inre kamp huruvida jag ska ta bort dem fr\u00e5n listan eller inte.<\/p>\n<p>&nbsp;<\/p>\n<p>&nbsp;<\/p>\n","protected":false},"excerpt":{"rendered":"<p>Citatet i rubriken minns jag fr\u00e5n en Bamse-tidning i min barndom. Naturligtvis var det besserwissern Skalman som stod f\u00f6r uttalandet. Idag \u00e4r det som om beundran f\u00f6r intelligens eller utbildning \u00e4r som bortbl\u00e5st. Jantelagen f\u00f6rbjuder oss att framh\u00e4va v\u00e5ra \u00f6verl\u00e4gsna&#8230; <a href=\"https:\/\/fredrikalvelov.se\/?p=664\" class=\"readmore\">L\u00e4s mer<span class=\"screen-reader-text\">I en dum v\u00e4rld \u00e4r det inte sv\u00e5rt att verka klok<\/span><span class=\"fa fa-angle-double-right\" aria-hidden=\"true\"><\/span><\/a><\/p>\n","protected":false},"author":1,"featured_media":0,"comment_status":"closed","ping_status":"open","sticky":false,"template":"","format":"standard","meta":{"footnotes":""},"categories":[10,5],"tags":[],"class_list":["post-664","post","type-post","status-publish","format-standard","hentry","category-filosofiskt","category-personligt","content-layout-excerpt-thumb"],"_links":{"self":[{"href":"https:\/\/fredrikalvelov.se\/index.php?rest_route=\/wp\/v2\/posts\/664","targetHints":{"allow":["GET"]}}],"collection":[{"href":"https:\/\/fredrikalvelov.se\/index.php?rest_route=\/wp\/v2\/posts"}],"about":[{"href":"https:\/\/fredrikalvelov.se\/index.php?rest_route=\/wp\/v2\/types\/post"}],"author":[{"embeddable":true,"href":"https:\/\/fredrikalvelov.se\/index.php?rest_route=\/wp\/v2\/users\/1"}],"replies":[{"embeddable":true,"href":"https:\/\/fredrikalvelov.se\/index.php?rest_route=%2Fwp%2Fv2%2Fcomments&post=664"}],"version-history":[{"count":1,"href":"https:\/\/fredrikalvelov.se\/index.php?rest_route=\/wp\/v2\/posts\/664\/revisions"}],"predecessor-version":[{"id":665,"href":"https:\/\/fredrikalvelov.se\/index.php?rest_route=\/wp\/v2\/posts\/664\/revisions\/665"}],"wp:attachment":[{"href":"https:\/\/fredrikalvelov.se\/index.php?rest_route=%2Fwp%2Fv2%2Fmedia&parent=664"}],"wp:term":[{"taxonomy":"category","embeddable":true,"href":"https:\/\/fredrikalvelov.se\/index.php?rest_route=%2Fwp%2Fv2%2Fcategories&post=664"},{"taxonomy":"post_tag","embeddable":true,"href":"https:\/\/fredrikalvelov.se\/index.php?rest_route=%2Fwp%2Fv2%2Ftags&post=664"}],"curies":[{"name":"wp","href":"https:\/\/api.w.org\/{rel}","templated":true}]}}