{"id":640,"date":"2016-08-15T23:35:15","date_gmt":"2016-08-15T21:35:15","guid":{"rendered":"http:\/\/fredrikalvelov.se\/?p=640"},"modified":"2019-09-23T00:16:52","modified_gmt":"2019-09-22T22:16:52","slug":"vi-ar-inte-langre-dar","status":"publish","type":"post","link":"https:\/\/fredrikalvelov.se\/?p=640","title":{"rendered":"Vi \u00e4r inte l\u00e4ngre d\u00e4r"},"content":{"rendered":"<p>Det \u00e4r en kall vinternatt, den 23:e december 1980. Genom den smala springan mellan v\u00e4ggen och den orange rullgardinen kommer det blinkande ljuset fr\u00e5n sn\u00f6plogarna utanf\u00f6r. En tryggare plats \u00e4r sv\u00e5rt att hitta \u00e4n s\u00e4ngen, medan f\u00f6r\u00e4ldrarna st\u00f6kar ute i k\u00f6ket med det sista inf\u00f6r julaftonen. En ur\u00e5ldrig k\u00e4nsla av att de vuxna h\u00e5ller vakt kring elden i grottan, som skyddar mot det vilda utanf\u00f6r.<\/p>\n<p>Men jag \u00e4r inte l\u00e4ngre d\u00e4r.<\/p>\n","protected":false},"excerpt":{"rendered":"<p>Det \u00e4r en kall vinternatt, den 23:e december 1980. Genom den smala springan mellan v\u00e4ggen och den orange rullgardinen kommer det blinkande ljuset fr\u00e5n sn\u00f6plogarna utanf\u00f6r. En tryggare plats \u00e4r sv\u00e5rt att hitta \u00e4n s\u00e4ngen, medan f\u00f6r\u00e4ldrarna st\u00f6kar ute i&#8230; <a href=\"https:\/\/fredrikalvelov.se\/?p=640\" class=\"readmore\">L\u00e4s mer<span class=\"screen-reader-text\">Vi \u00e4r inte l\u00e4ngre d\u00e4r<\/span><span class=\"fa fa-angle-double-right\" aria-hidden=\"true\"><\/span><\/a><\/p>\n","protected":false},"author":1,"featured_media":0,"comment_status":"closed","ping_status":"open","sticky":false,"template":"","format":"standard","meta":{"footnotes":""},"categories":[1],"tags":[],"class_list":["post-640","post","type-post","status-publish","format-standard","hentry","category-uncategorized","content-layout-excerpt-thumb"],"_links":{"self":[{"href":"https:\/\/fredrikalvelov.se\/index.php?rest_route=\/wp\/v2\/posts\/640","targetHints":{"allow":["GET"]}}],"collection":[{"href":"https:\/\/fredrikalvelov.se\/index.php?rest_route=\/wp\/v2\/posts"}],"about":[{"href":"https:\/\/fredrikalvelov.se\/index.php?rest_route=\/wp\/v2\/types\/post"}],"author":[{"embeddable":true,"href":"https:\/\/fredrikalvelov.se\/index.php?rest_route=\/wp\/v2\/users\/1"}],"replies":[{"embeddable":true,"href":"https:\/\/fredrikalvelov.se\/index.php?rest_route=%2Fwp%2Fv2%2Fcomments&post=640"}],"version-history":[{"count":4,"href":"https:\/\/fredrikalvelov.se\/index.php?rest_route=\/wp\/v2\/posts\/640\/revisions"}],"predecessor-version":[{"id":710,"href":"https:\/\/fredrikalvelov.se\/index.php?rest_route=\/wp\/v2\/posts\/640\/revisions\/710"}],"wp:attachment":[{"href":"https:\/\/fredrikalvelov.se\/index.php?rest_route=%2Fwp%2Fv2%2Fmedia&parent=640"}],"wp:term":[{"taxonomy":"category","embeddable":true,"href":"https:\/\/fredrikalvelov.se\/index.php?rest_route=%2Fwp%2Fv2%2Fcategories&post=640"},{"taxonomy":"post_tag","embeddable":true,"href":"https:\/\/fredrikalvelov.se\/index.php?rest_route=%2Fwp%2Fv2%2Ftags&post=640"}],"curies":[{"name":"wp","href":"https:\/\/api.w.org\/{rel}","templated":true}]}}