{"id":628,"date":"2016-03-13T02:20:21","date_gmt":"2016-03-13T01:20:21","guid":{"rendered":"http:\/\/fredrikalvelov.se\/?p=628"},"modified":"2016-03-13T02:36:16","modified_gmt":"2016-03-13T01:36:16","slug":"nutiden-krossar-datiden","status":"publish","type":"post","link":"https:\/\/fredrikalvelov.se\/?p=628","title":{"rendered":"Nutiden krossar d\u00e5tiden"},"content":{"rendered":"<p>Efter det nostalgiska inl\u00e4gget tidigare i natt forts\u00e4tter jag in i nutiden.<\/p>\n<p>H\u00e4r sitter jag i den just nu aningen st\u00f6kiga 3:an i Tybble. Hostar och hackar. Det luktar &#8221;snusk&#8221; i hela huvudet av de stygga bacillerna. Barndomens daggv\u00e5ta gr\u00e4smattor och doftande sommarkv\u00e4llar ligger skymda av tidens disiga rid\u00e5.<\/p>\n<p>Allt som finns kvar \u00e4r minnen. Framtiden ligger m\u00f6rk som en motorv\u00e4g i natten och jag vet inte var jag hittar ljusknappen.<\/p>\n<p>Ett kort bes\u00f6k p\u00e5 Facebook och jag st\u00e4nger snabbt ner igen. L\u00e5tsas som om nuet inte h\u00e4nder.<\/p>\n<p>M\u00e5nader\u00a0av jobb alla m\u00f6jliga tider och dagar har passerat. Ingen kontinuitet i mina vardagar, ingen struktur och definitivt ingen egen tid. Det f\u00f6rg\u00f6r mig sakta inifr\u00e5n.<\/p>\n<p>Skickar\u00a0in n\u00e5gra jobbans\u00f6kningar emellan\u00e5t. Kommer p\u00e5 en intervju d\u00e5 och d\u00e5, men inte mer \u00e4n s\u00e5. Kanske borde resonera tv\u00e4rtom, att det \u00e4r starkt att komma p\u00e5 intervju ungef\u00e4r var tredje ans\u00f6kan.<\/p>\n<p>Jag har alltid tyckt om att virka l\u00e5ngsjalar med spr\u00e5ket och vira in mig i fluffiga liknelser. Tyv\u00e4rr kr\u00e4ver det att jag kommer in i ett tillst\u00e5nd av lugn och trivsel, i st\u00e4llet f\u00f6r att vilja anamma japanernas tj\u00e4nst f\u00f6r frustrerade &#8211; ett rum med porslin helt till ditt f\u00f6rfogande att krossa som du vill!<\/p>\n<p>En ung Carola H\u00e4ggkvist anno 1983 h\u00e5ller mig s\u00e4llskap i lurarna. Tiden innan hon blev f\u00f6r skolad.<\/p>\n<p>\u00c5ker rutschkana genom \u00e5ren fr\u00e5n min barndom och fram\u00e5t. Minns en sommar 1992 med min f\u00f6rsta sambo, d\u00e5 vi bes\u00f6kte hennes kusin i Stockholm. Jag 20 \u00e5r, hon 17. Vi promenerade l\u00e4ngs vattnet och hon hittade en nedfallen tr\u00e4dgren, som hon retsamt piskade mig med. Hennes bl\u00e5, mjuka Helly Hansen-jacka som hon envisades ha p\u00e5 sig. Jag har en l\u00e5t som p\u00e5minner mig om den sommaren, om \u00e4n med ganska m\u00e5nga felaktigheter i texten, med fokus p\u00e5 spralligheten och galenskapen: &#8221;Varje g\u00e5ng jag ser dig&#8221; med Magnus Uggla :)<\/p>\n<p>F\u00f6rsta k\u00e4rleken \u00e4r alltid speciell. Vi tenderar att lyfta fram och helgonf\u00f6rklara \u00f6gonblicken efter\u00e5t, men visst var det minnen f\u00f6r livet.<\/p>\n<p>Med f\u00f6rsta hustrun var det m\u00e5nga bes\u00f6k p\u00e5 v\u00e4stkusten, eftersom hon kom d\u00e4rifr\u00e5n. S\u00e4rskilt var det en sommar som h\u00e4nger kvar i minnet, d\u00e5 vi f\u00e5tt l\u00e5na hennes brors Volvo 440 (ovanlig modell). Vi \u00e5kte ut i kustbandet och hade samlingsskivan med Sting gick runt varv efter varv. &#8221;Fields Of Gold&#8221; och &#8221;Fragile&#8221; kommer alltid ge mig doft av salta hav, t\u00e5ng och ljuset av solnedg\u00e5ngar inom mig. De hade &#8221;Fragile&#8221; i instrumentell version som tema p\u00e5 IMAX-f\u00f6rest\u00e4llningen &#8221;The Living Sea&#8221; p\u00e5 Liseberg. Fantastisk kombination med dykning p\u00e5 gigantisk bioduk och den musiken!<\/p>\n<p>Andra hustrun och jag har s\u00e4kert m\u00e5nga musikminnen ihop, eftersom hon liksom jag har ett aktivt musiklyssnarintresse, men Anna Ternheim minns jag definitivt, d\u00e5 vi var p\u00e5 konsert med henne i Eskilstuna. Jag hade feber och det var svinkallt medan vi promenerade den ganska l\u00e5nga v\u00e4gen till hotellet. H\u00f6ll oss p\u00e5 rummet s\u00e5 l\u00e4nge vi kunde morgonen efter.<\/p>\n<p>&nbsp;<\/p>\n","protected":false},"excerpt":{"rendered":"<p>Efter det nostalgiska inl\u00e4gget tidigare i natt forts\u00e4tter jag in i nutiden. H\u00e4r sitter jag i den just nu aningen st\u00f6kiga 3:an i Tybble. Hostar och hackar. Det luktar &#8221;snusk&#8221; i hela huvudet av de stygga bacillerna. Barndomens daggv\u00e5ta gr\u00e4smattor&#8230; <a href=\"https:\/\/fredrikalvelov.se\/?p=628\" class=\"readmore\">L\u00e4s mer<span class=\"screen-reader-text\">Nutiden krossar d\u00e5tiden<\/span><span class=\"fa fa-angle-double-right\" aria-hidden=\"true\"><\/span><\/a><\/p>\n","protected":false},"author":1,"featured_media":0,"comment_status":"open","ping_status":"open","sticky":false,"template":"","format":"standard","meta":{"footnotes":""},"categories":[1],"tags":[],"class_list":["post-628","post","type-post","status-publish","format-standard","hentry","category-uncategorized","content-layout-excerpt-thumb"],"_links":{"self":[{"href":"https:\/\/fredrikalvelov.se\/index.php?rest_route=\/wp\/v2\/posts\/628","targetHints":{"allow":["GET"]}}],"collection":[{"href":"https:\/\/fredrikalvelov.se\/index.php?rest_route=\/wp\/v2\/posts"}],"about":[{"href":"https:\/\/fredrikalvelov.se\/index.php?rest_route=\/wp\/v2\/types\/post"}],"author":[{"embeddable":true,"href":"https:\/\/fredrikalvelov.se\/index.php?rest_route=\/wp\/v2\/users\/1"}],"replies":[{"embeddable":true,"href":"https:\/\/fredrikalvelov.se\/index.php?rest_route=%2Fwp%2Fv2%2Fcomments&post=628"}],"version-history":[{"count":4,"href":"https:\/\/fredrikalvelov.se\/index.php?rest_route=\/wp\/v2\/posts\/628\/revisions"}],"predecessor-version":[{"id":632,"href":"https:\/\/fredrikalvelov.se\/index.php?rest_route=\/wp\/v2\/posts\/628\/revisions\/632"}],"wp:attachment":[{"href":"https:\/\/fredrikalvelov.se\/index.php?rest_route=%2Fwp%2Fv2%2Fmedia&parent=628"}],"wp:term":[{"taxonomy":"category","embeddable":true,"href":"https:\/\/fredrikalvelov.se\/index.php?rest_route=%2Fwp%2Fv2%2Fcategories&post=628"},{"taxonomy":"post_tag","embeddable":true,"href":"https:\/\/fredrikalvelov.se\/index.php?rest_route=%2Fwp%2Fv2%2Ftags&post=628"}],"curies":[{"name":"wp","href":"https:\/\/api.w.org\/{rel}","templated":true}]}}