{"id":600,"date":"2016-01-12T00:02:02","date_gmt":"2016-01-11T23:02:02","guid":{"rendered":"http:\/\/fredrikalvelov.se\/?p=600"},"modified":"2016-01-12T00:02:02","modified_gmt":"2016-01-11T23:02:02","slug":"har-jag-redan-levt-min-basta-dag","status":"publish","type":"post","link":"https:\/\/fredrikalvelov.se\/?p=600","title":{"rendered":"Har jag redan levt min b\u00e4sta dag?"},"content":{"rendered":"<p>Den tanken sl\u00e5r mig allt oftare. <\/p>\n<p>2015 var \u00e5ret d\u00e5 min lillebror gick bort i cancer. Det var \u00e5ret d\u00e5 killen som b\u00e4st k\u00e4nde min barndom och som skulle finnas d\u00e4r p\u00e5 \u00e5lderns h\u00f6st f\u00f6rsvann fr\u00e5n jorden. <\/p>\n<p>Sorgen hos \u00f6vriga anh\u00f6riga, hans fru och barn, \u00e4r minst lika sv\u00e5r att b\u00e4ra. <\/p>\n<p>D\u00f6den kom tillbaka och k\u00f6rde ett dystert <em>da capo<\/em>. Innan \u00e5ret var slut f\u00f6rlorade min mor sin sambo ocks\u00e5. <\/p>\n<p>Att hitta mening i detta \u00e4r inget jag t\u00e4nker f\u00f6rs\u00f6ka mig p\u00e5. Jag \u00e4r tillr\u00e4ckligt vetenskapligt skolad f\u00f6r att veta att inte ens v\u00e5rt solsystem betyder ett enda dugg i den kosmiska ordningen. Mening \u00e4r f\u00f6r oss att s\u00f6ka sj\u00e4lva, om vi orkar. <\/p>\n<p>Nu ska jag s\u00f6ka mig tillbaka till mening i musiken med mina s\u00e5ngarbr\u00f6der i Mansk\u00f6ren Lorelei igen, efter flera \u00e5rs uppeh\u00e5ll. N\u00e5gonstans beh\u00f6ver jag hitta kraft och utlopp. Gymmet kanske ocks\u00e5 kan bli mitt igen &#8211; min v\u00e4n och inte fiende, som det var ett tag. <\/p>\n<p>Tur att jag har Maria i allt det h\u00e4r. Hon st\u00e5r ut med mina nycker och stundtals burdusa uttryckss\u00e4tt p\u00e5 sitt lugna vis. <\/p>\n<p>Nu beh\u00f6vs \u00e4ven en plan f\u00f6r att bryta mig in p\u00e5 arbetsmarknaden igen. Visst, jag har f\u00e5tt ihop det p\u00e5 n\u00e5got vis med ABF, Medborgarskolan, Life, egna firman Tekniksamariten och arvoden f\u00f6r uppdrag som god man och f\u00f6rvaltare. Det skulle \u00e4nd\u00e5 vara sk\u00f6nt att slippa flacka runt hos s\u00e5 m\u00e5nga olika arbetsgivare. <strong>Ett<\/strong> r\u00f6rligt jobb hade suttit fint. <\/p>\n","protected":false},"excerpt":{"rendered":"<p>Den tanken sl\u00e5r mig allt oftare. 2015 var \u00e5ret d\u00e5 min lillebror gick bort i cancer. Det var \u00e5ret d\u00e5 killen som b\u00e4st k\u00e4nde min barndom och som skulle finnas d\u00e4r p\u00e5 \u00e5lderns h\u00f6st f\u00f6rsvann fr\u00e5n jorden. Sorgen hos \u00f6vriga&#8230; <a href=\"https:\/\/fredrikalvelov.se\/?p=600\" class=\"readmore\">L\u00e4s mer<span class=\"screen-reader-text\">Har jag redan levt min b\u00e4sta dag?<\/span><span class=\"fa fa-angle-double-right\" aria-hidden=\"true\"><\/span><\/a><\/p>\n","protected":false},"author":1,"featured_media":0,"comment_status":"open","ping_status":"open","sticky":false,"template":"","format":"standard","meta":{"footnotes":""},"categories":[1],"tags":[],"class_list":["post-600","post","type-post","status-publish","format-standard","hentry","category-uncategorized","content-layout-excerpt-thumb"],"_links":{"self":[{"href":"https:\/\/fredrikalvelov.se\/index.php?rest_route=\/wp\/v2\/posts\/600","targetHints":{"allow":["GET"]}}],"collection":[{"href":"https:\/\/fredrikalvelov.se\/index.php?rest_route=\/wp\/v2\/posts"}],"about":[{"href":"https:\/\/fredrikalvelov.se\/index.php?rest_route=\/wp\/v2\/types\/post"}],"author":[{"embeddable":true,"href":"https:\/\/fredrikalvelov.se\/index.php?rest_route=\/wp\/v2\/users\/1"}],"replies":[{"embeddable":true,"href":"https:\/\/fredrikalvelov.se\/index.php?rest_route=%2Fwp%2Fv2%2Fcomments&post=600"}],"version-history":[{"count":1,"href":"https:\/\/fredrikalvelov.se\/index.php?rest_route=\/wp\/v2\/posts\/600\/revisions"}],"predecessor-version":[{"id":601,"href":"https:\/\/fredrikalvelov.se\/index.php?rest_route=\/wp\/v2\/posts\/600\/revisions\/601"}],"wp:attachment":[{"href":"https:\/\/fredrikalvelov.se\/index.php?rest_route=%2Fwp%2Fv2%2Fmedia&parent=600"}],"wp:term":[{"taxonomy":"category","embeddable":true,"href":"https:\/\/fredrikalvelov.se\/index.php?rest_route=%2Fwp%2Fv2%2Fcategories&post=600"},{"taxonomy":"post_tag","embeddable":true,"href":"https:\/\/fredrikalvelov.se\/index.php?rest_route=%2Fwp%2Fv2%2Ftags&post=600"}],"curies":[{"name":"wp","href":"https:\/\/api.w.org\/{rel}","templated":true}]}}