{"id":528,"date":"2013-05-26T01:20:29","date_gmt":"2013-05-25T23:20:29","guid":{"rendered":"http:\/\/fredrikalvelov.se\/?p=528"},"modified":"2013-05-26T01:20:57","modified_gmt":"2013-05-25T23:20:57","slug":"det-brinner-i-valfarden","status":"publish","type":"post","link":"https:\/\/fredrikalvelov.se\/?p=528","title":{"rendered":"Det brinner i bilar och i m\u00e4nniskors k\u00e4nslor"},"content":{"rendered":"<p>Jag vore inte mycket till bloggare om jag inte reagerade p\u00e5 det som b\u00f6rjade med Husby och sedan spred sig i landet som en &#8221;l\u00f6peld&#8221;, bokstavligt talat.<\/p>\n<p>Generaliseringar g\u00f6rs och motst\u00e5ende grupperingar blir \u00e4nnu tydligare n\u00e4r s\u00e5nt h\u00e4r h\u00e4nder.<\/p>\n<p>Alla drar varandra \u00f6ver en kam. Det \u00e4r &#8221;alla invandrare&#8221; och &#8221;alla poliser&#8221;. Alla &#8221;svennar&#8221;.<\/p>\n<p>Alla m\u00e4nniskor. Alla olika. Alla individer med ansvar f\u00f6r sina handlingar. Alla lika mycket v\u00e4rda och alla f\u00f6rhoppningvis \u00e4lskade av n\u00e5gon.<\/p>\n","protected":false},"excerpt":{"rendered":"<p>Jag vore inte mycket till bloggare om jag inte reagerade p\u00e5 det som b\u00f6rjade med Husby och sedan spred sig i landet som en &#8221;l\u00f6peld&#8221;, bokstavligt talat. Generaliseringar g\u00f6rs och motst\u00e5ende grupperingar blir \u00e4nnu tydligare n\u00e4r s\u00e5nt h\u00e4r h\u00e4nder. Alla&#8230; <a href=\"https:\/\/fredrikalvelov.se\/?p=528\" class=\"readmore\">L\u00e4s mer<span class=\"screen-reader-text\">Det brinner i bilar och i m\u00e4nniskors k\u00e4nslor<\/span><span class=\"fa fa-angle-double-right\" aria-hidden=\"true\"><\/span><\/a><\/p>\n","protected":false},"author":1,"featured_media":0,"comment_status":"open","ping_status":"open","sticky":false,"template":"","format":"standard","meta":{"footnotes":""},"categories":[1],"tags":[],"class_list":["post-528","post","type-post","status-publish","format-standard","hentry","category-uncategorized","content-layout-excerpt-thumb"],"_links":{"self":[{"href":"https:\/\/fredrikalvelov.se\/index.php?rest_route=\/wp\/v2\/posts\/528","targetHints":{"allow":["GET"]}}],"collection":[{"href":"https:\/\/fredrikalvelov.se\/index.php?rest_route=\/wp\/v2\/posts"}],"about":[{"href":"https:\/\/fredrikalvelov.se\/index.php?rest_route=\/wp\/v2\/types\/post"}],"author":[{"embeddable":true,"href":"https:\/\/fredrikalvelov.se\/index.php?rest_route=\/wp\/v2\/users\/1"}],"replies":[{"embeddable":true,"href":"https:\/\/fredrikalvelov.se\/index.php?rest_route=%2Fwp%2Fv2%2Fcomments&post=528"}],"version-history":[{"count":2,"href":"https:\/\/fredrikalvelov.se\/index.php?rest_route=\/wp\/v2\/posts\/528\/revisions"}],"predecessor-version":[{"id":530,"href":"https:\/\/fredrikalvelov.se\/index.php?rest_route=\/wp\/v2\/posts\/528\/revisions\/530"}],"wp:attachment":[{"href":"https:\/\/fredrikalvelov.se\/index.php?rest_route=%2Fwp%2Fv2%2Fmedia&parent=528"}],"wp:term":[{"taxonomy":"category","embeddable":true,"href":"https:\/\/fredrikalvelov.se\/index.php?rest_route=%2Fwp%2Fv2%2Fcategories&post=528"},{"taxonomy":"post_tag","embeddable":true,"href":"https:\/\/fredrikalvelov.se\/index.php?rest_route=%2Fwp%2Fv2%2Ftags&post=528"}],"curies":[{"name":"wp","href":"https:\/\/api.w.org\/{rel}","templated":true}]}}