{"id":515,"date":"2013-03-06T16:31:52","date_gmt":"2013-03-06T15:31:52","guid":{"rendered":"http:\/\/fredrikalvelov.se\/?p=515"},"modified":"2013-05-02T16:21:52","modified_gmt":"2013-05-02T14:21:52","slug":"laxhjalp-och-manga-rokande-ungdomar","status":"publish","type":"post","link":"https:\/\/fredrikalvelov.se\/?p=515","title":{"rendered":"L\u00e4xhj\u00e4lp och m\u00e5nga r\u00f6kande ungdomar"},"content":{"rendered":"<p>Som promenerande vardagsfilosof \u00e4r det l\u00e4tt att falla in i stunder av reflektioner \u00f6ver sin omgivning.<\/p>\n<p>P\u00e5 min v\u00e4g upp till stan idag m\u00f6tte jag hjorder av ungdomar med cigaretter bolmande i mungipan. Jag kan f\u00f6rst\u00e5 att vi som v\u00e4xte upp p\u00e5 70-talet och 80-talet inte fattade b\u00e4ttre. Det talades visserligen om cancerrisken redan d\u00e5, men inte alls lika tydligt som idag. Hur t\u00e4nker man n\u00e4r man i s\u00e5 unga \u00e5r b\u00f6rjar med n\u00e5got s\u00e5 giftigt?<\/p>\n<p>S\u00e5 till fr\u00e5gan om l\u00e4xhj\u00e4lp. Bra eller v\u00e4rdel\u00f6st? \u00c4r det en bra sak i sig att de med uppenbart obildade f\u00f6r\u00e4ldrar kan f\u00e5 hj\u00e4lp? Ja, kanske. Men vilka k\u00f6per l\u00e4xhj\u00e4lpen? \u00c4r det inte bara de rika, som l\u00e4gger all sin tid p\u00e5 att tj\u00e4na pengar och p\u00e5 sin karri\u00e4r, men struntar i barnens tid?<\/p>\n<p>Sammantaget undrar jag om samh\u00e4llet tappat greppet. N\u00e5gonstans p\u00e5 v\u00e4gen under min uppv\u00e4xt har det f\u00f6rslappats. Vi f\u00e5r inte s\u00e4ga till barn och ungdomar om de g\u00f6r fel, f\u00f6r d\u00e5 kan de bli kr\u00e4nkta och h\u00e4mmade i sin spiritualitet. F\u00f6r mig \u00e4r struktur och stabilitet lika med trygghet, inte f\u00e4ngelse. Jag har aldrig k\u00e4nt att skolv\u00e4sendet h\u00e4mmat min kreativitet. Jo, en l\u00e4rarinna i svenska var en aning fyrkantig.<\/p>\n<p>Medeltidens skamp\u00e5le och tumskruvar \u00e4r att g\u00e5 lite v\u00e4l l\u00e5ngt, men mer vardagsdisciplin skulle inte skada fr\u00e5n vuxenv\u00e4rlden. Utan riktning och styrmedel blir det anarki. Skillnaden mellan ungdomsv\u00e4rlden och intr\u00e4det i den vuxna, med myndigheter fl\u00e5sande \u00f6ver axeln, blir s\u00e5 markant om man till\u00e4mpar fri uppfostran.<\/p>\n<p>N\u00e4r min f\u00f6r\u00e4ldrageneration f\u00f6rsvinner fr\u00e5n arbetsmarknaden, vilket sker nu, undrar jag vilka som ska uppr\u00e4tth\u00e5lla ordningen?<\/p>\n","protected":false},"excerpt":{"rendered":"<p>Som promenerande vardagsfilosof \u00e4r det l\u00e4tt att falla in i stunder av reflektioner \u00f6ver sin omgivning. P\u00e5 min v\u00e4g upp till stan idag m\u00f6tte jag hjorder av ungdomar med cigaretter bolmande i mungipan. Jag kan f\u00f6rst\u00e5 att vi som v\u00e4xte&#8230; <a href=\"https:\/\/fredrikalvelov.se\/?p=515\" class=\"readmore\">L\u00e4s mer<span class=\"screen-reader-text\">L\u00e4xhj\u00e4lp och m\u00e5nga r\u00f6kande ungdomar<\/span><span class=\"fa fa-angle-double-right\" aria-hidden=\"true\"><\/span><\/a><\/p>\n","protected":false},"author":1,"featured_media":0,"comment_status":"open","ping_status":"open","sticky":false,"template":"","format":"standard","meta":{"footnotes":""},"categories":[1],"tags":[],"class_list":["post-515","post","type-post","status-publish","format-standard","hentry","category-uncategorized","content-layout-excerpt-thumb"],"_links":{"self":[{"href":"https:\/\/fredrikalvelov.se\/index.php?rest_route=\/wp\/v2\/posts\/515","targetHints":{"allow":["GET"]}}],"collection":[{"href":"https:\/\/fredrikalvelov.se\/index.php?rest_route=\/wp\/v2\/posts"}],"about":[{"href":"https:\/\/fredrikalvelov.se\/index.php?rest_route=\/wp\/v2\/types\/post"}],"author":[{"embeddable":true,"href":"https:\/\/fredrikalvelov.se\/index.php?rest_route=\/wp\/v2\/users\/1"}],"replies":[{"embeddable":true,"href":"https:\/\/fredrikalvelov.se\/index.php?rest_route=%2Fwp%2Fv2%2Fcomments&post=515"}],"version-history":[{"count":3,"href":"https:\/\/fredrikalvelov.se\/index.php?rest_route=\/wp\/v2\/posts\/515\/revisions"}],"predecessor-version":[{"id":523,"href":"https:\/\/fredrikalvelov.se\/index.php?rest_route=\/wp\/v2\/posts\/515\/revisions\/523"}],"wp:attachment":[{"href":"https:\/\/fredrikalvelov.se\/index.php?rest_route=%2Fwp%2Fv2%2Fmedia&parent=515"}],"wp:term":[{"taxonomy":"category","embeddable":true,"href":"https:\/\/fredrikalvelov.se\/index.php?rest_route=%2Fwp%2Fv2%2Fcategories&post=515"},{"taxonomy":"post_tag","embeddable":true,"href":"https:\/\/fredrikalvelov.se\/index.php?rest_route=%2Fwp%2Fv2%2Ftags&post=515"}],"curies":[{"name":"wp","href":"https:\/\/api.w.org\/{rel}","templated":true}]}}