{"id":465,"date":"2012-11-07T22:34:44","date_gmt":"2012-11-07T21:34:44","guid":{"rendered":"http:\/\/fredrikalvelov.se\/?p=465"},"modified":"2012-11-07T22:36:48","modified_gmt":"2012-11-07T21:36:48","slug":"kvarglomda-utanfor-cyberspace-tekniksamariten-hjalper-dig","status":"publish","type":"post","link":"https:\/\/fredrikalvelov.se\/?p=465","title":{"rendered":"Kvargl\u00f6md utanf\u00f6r cyberspace? Tekniksamariten hj\u00e4lper dig!"},"content":{"rendered":"<p>Jag \u00e4r ju en s\u00e5&#8217;n d\u00e4r jobbig person som bryr mig. Det kallas engagemang och i m\u00e5nga fall empati. Det \u00e4r d\u00e4rf\u00f6r med stor sorg som jag ser en hel generation st\u00e5 utanf\u00f6r det moderna samh\u00e4llet. Nja, kanske v\u00e4l dramatiskt skrivet, men stora delar av de som \u00e4r 55+ (n\u00e5gonstans m\u00e5ste jag dra gr\u00e4nsen) har ett naturligt motst\u00e5nd vid kontakten med elektroniska prylar, som smarta telefoner och datorer.<\/p>\n<p>Jag \u00e4r uppv\u00e4xt med radio och tv\u00e5 TV-kanaler. That&#8217;s it. Men jag lekte att min bordsalmanacka med knappar f\u00f6r datum var kontrollpanel i mitt rymdskepp, ihop med minir\u00e4knaren fr\u00e5n Hugin, med sina gr\u00f6na fluorescerande siffror.<\/p>\n<p><a href=\"http:\/\/fredrikalvelov.se\/wp-content\/uploads\/2012\/11\/note_2323527b.jpg\"><img loading=\"lazy\" decoding=\"async\" class=\"alignnone size-medium wp-image-467\" title=\"note_2323527b\" src=\"http:\/\/fredrikalvelov.se\/wp-content\/uploads\/2012\/11\/note_2323527b-300x187.jpg\" alt=\"\" width=\"300\" height=\"187\" srcset=\"https:\/\/fredrikalvelov.se\/wp-content\/uploads\/2012\/11\/note_2323527b-300x187.jpg 300w, https:\/\/fredrikalvelov.se\/wp-content\/uploads\/2012\/11\/note_2323527b.jpg 620w\" sizes=\"auto, (max-width: 300px) 100vw, 300px\" \/><\/a><a href=\"http:\/\/fredrikalvelov.se\/wp-content\/uploads\/2012\/11\/hugin.jpg\"><img loading=\"lazy\" decoding=\"async\" class=\"alignnone size-medium wp-image-466\" title=\"hugin\" src=\"http:\/\/fredrikalvelov.se\/wp-content\/uploads\/2012\/11\/hugin-300x285.jpg\" alt=\"\" width=\"300\" height=\"285\" srcset=\"https:\/\/fredrikalvelov.se\/wp-content\/uploads\/2012\/11\/hugin-300x285.jpg 300w, https:\/\/fredrikalvelov.se\/wp-content\/uploads\/2012\/11\/hugin.jpg 350w\" sizes=\"auto, (max-width: 300px) 100vw, 300px\" \/><\/a><\/p>\n<p>J\u00e4mf\u00f6r man de tv\u00e5 p\u00e5 bilderna ovan, \u00e4r det fantastiskt hur fort utvecklingen har g\u00e5tt de senaste 35 \u00e5ren. En dator som tog upp ett helt rum d\u00e5 kan l\u00e4tt matchas tusen g\u00e5nger om av dagens telefoner.<\/p>\n<p>Med denna utveckling i \u00e5tanke \u00e4r det enkelt att f\u00f6rst\u00e5 den f\u00f6rsiktighet och \u00e4ven f\u00f6rvirring som m\u00e5nga &#8221;\u00e4ldre&#8221; upplever n\u00e4r de konfronteras med dagens IT-samh\u00e4lle. Det finns seniortelefoner, med gigantiska knappar, men n\u00e5got som borde sl\u00e5 p\u00e5 bred front \u00e4r surfplattor som man kan ringa med. Det finns, men har \u00e4nnu inte blivit den stora flugan bland pension\u00e4rerna. Jag blir d\u00e4rf\u00f6r glad n\u00e4r bekanta till oss i 70-\u00e5rs\u00e5ldern k\u00f6per iPad, f\u00f6r att \u00e5tminstone komma ut p\u00e5 internet. \u00d6ppna sk\u00e4rmskyddet och tryck p\u00e5 en ikon, s\u00e5 \u00e4r det klart!<\/p>\n<p>Butikernas kortsystem \u00e4r nog inte heller de \u00e4ldres dr\u00f6m. Varf\u00f6r inte skynda p\u00e5 utvecklingen av s\u00e4kra betalningar med biometriska signaturer &#8211; fingeravtryck eller n\u00e4thinneskanning? Slipp alla kort!<\/p>\n<h2>WWWar ska jag b\u00f6rja?<\/h2>\n<p>Sk\u00e4mtsamt uttryckt, men s\u00e5 t\u00e4nker nog m\u00e5nga, som inte har inf\u00f6rskaffat sin f\u00f6rsta dator \u00e4n. 1,2 miljoner svenskar st\u00e5r utanf\u00f6r IT-samh\u00e4llet. DigiDel 2013 vill p\u00e5verka detta och kampanjen syftar till att en halv miljon av dessa ska komma in i cyberv\u00e4rlden. L\u00e4sa nyheter, betala r\u00e4kningar, se TV &#8221;on demand&#8221;.<\/p>\n<p>Jag vill g\u00f6ra min del av det hela och med sl\u00e4ngkappan \u00f6ver axlarna blir jag Tekniksamariten p\u00e5 ideell basis, s\u00e5 l\u00e4nge som jag har firman vilande. N\u00e5gra kv\u00e4llar i m\u00e5naden borde jag kunna avs\u00e4tta till detta.<\/p>\n<p>&nbsp;<\/p>\n","protected":false},"excerpt":{"rendered":"<p>Jag \u00e4r ju en s\u00e5&#8217;n d\u00e4r jobbig person som bryr mig. Det kallas engagemang och i m\u00e5nga fall empati. Det \u00e4r d\u00e4rf\u00f6r med stor sorg som jag ser en hel generation st\u00e5 utanf\u00f6r det moderna samh\u00e4llet. Nja, kanske v\u00e4l dramatiskt&#8230; <a href=\"https:\/\/fredrikalvelov.se\/?p=465\" class=\"readmore\">L\u00e4s mer<span class=\"screen-reader-text\">Kvargl\u00f6md utanf\u00f6r cyberspace? Tekniksamariten hj\u00e4lper dig!<\/span><span class=\"fa fa-angle-double-right\" aria-hidden=\"true\"><\/span><\/a><\/p>\n","protected":false},"author":1,"featured_media":0,"comment_status":"open","ping_status":"open","sticky":false,"template":"","format":"standard","meta":{"footnotes":""},"categories":[1],"tags":[],"class_list":["post-465","post","type-post","status-publish","format-standard","hentry","category-uncategorized","content-layout-excerpt-thumb"],"_links":{"self":[{"href":"https:\/\/fredrikalvelov.se\/index.php?rest_route=\/wp\/v2\/posts\/465","targetHints":{"allow":["GET"]}}],"collection":[{"href":"https:\/\/fredrikalvelov.se\/index.php?rest_route=\/wp\/v2\/posts"}],"about":[{"href":"https:\/\/fredrikalvelov.se\/index.php?rest_route=\/wp\/v2\/types\/post"}],"author":[{"embeddable":true,"href":"https:\/\/fredrikalvelov.se\/index.php?rest_route=\/wp\/v2\/users\/1"}],"replies":[{"embeddable":true,"href":"https:\/\/fredrikalvelov.se\/index.php?rest_route=%2Fwp%2Fv2%2Fcomments&post=465"}],"version-history":[{"count":6,"href":"https:\/\/fredrikalvelov.se\/index.php?rest_route=\/wp\/v2\/posts\/465\/revisions"}],"predecessor-version":[{"id":472,"href":"https:\/\/fredrikalvelov.se\/index.php?rest_route=\/wp\/v2\/posts\/465\/revisions\/472"}],"wp:attachment":[{"href":"https:\/\/fredrikalvelov.se\/index.php?rest_route=%2Fwp%2Fv2%2Fmedia&parent=465"}],"wp:term":[{"taxonomy":"category","embeddable":true,"href":"https:\/\/fredrikalvelov.se\/index.php?rest_route=%2Fwp%2Fv2%2Fcategories&post=465"},{"taxonomy":"post_tag","embeddable":true,"href":"https:\/\/fredrikalvelov.se\/index.php?rest_route=%2Fwp%2Fv2%2Ftags&post=465"}],"curies":[{"name":"wp","href":"https:\/\/api.w.org\/{rel}","templated":true}]}}