{"id":330,"date":"2012-06-04T02:35:29","date_gmt":"2012-06-04T00:35:29","guid":{"rendered":"http:\/\/fredrikalvelov.se\/?p=330"},"modified":"2012-07-12T20:33:14","modified_gmt":"2012-07-12T18:33:14","slug":"kansas-is-going-bye-bye","status":"publish","type":"post","link":"https:\/\/fredrikalvelov.se\/?p=330","title":{"rendered":"Kansas is going bye-bye"},"content":{"rendered":"<p>Morpheus verkar ha \u00f6vergivit mig. Tur att det finns TV och internet. Jag l\u00e5ter en sk\u00e5l med mj\u00f6lk och flingor, kryddad med jordgubbskr\u00e4m, f\u00e5 verka en stund. Kanske det kan hj\u00e4lpa.<\/p>\n<p>Det \u00e4r l\u00e4tt att \u00e4gna sig \u00e5t verklighetsflykt under sm\u00e5timmarna. Fast vad \u00e4r verkligt &#8211; egentligen? P\u00e5 n\u00e5got vis f\u00e5r jag utg\u00e5 ifr\u00e5n att det som andra omkring mig &#8211; som verkar vara omkring mig &#8211; upplever och kan bekr\u00e4fta st\u00e4mmer \u00f6verens med min verklighet, det f\u00e5r lov att vara verkligt.<\/p>\n<p>Det jag skriver h\u00e4r \u00e4r verkligt, fast det \u00e4r en filtrerad verklighet. En nyanserad bild av v\u00e4rlden, som trots min ibland syrliga kritik mot fenomen omkring mig, \u00e4nd\u00e5 bara \u00e4r en f\u00f6rnimbar skugga av vad jag k\u00e4nner. Allt f\u00f6r att passa in, kunna passera som normal.<\/p>\n","protected":false},"excerpt":{"rendered":"<p>Morpheus verkar ha \u00f6vergivit mig. Tur att det finns TV och internet. Jag l\u00e5ter en sk\u00e5l med mj\u00f6lk och flingor, kryddad med jordgubbskr\u00e4m, f\u00e5 verka en stund. Kanske det kan hj\u00e4lpa. Det \u00e4r l\u00e4tt att \u00e4gna sig \u00e5t verklighetsflykt under&#8230; <a href=\"https:\/\/fredrikalvelov.se\/?p=330\" class=\"readmore\">L\u00e4s mer<span class=\"screen-reader-text\">Kansas is going bye-bye<\/span><span class=\"fa fa-angle-double-right\" aria-hidden=\"true\"><\/span><\/a><\/p>\n","protected":false},"author":1,"featured_media":0,"comment_status":"open","ping_status":"open","sticky":false,"template":"","format":"standard","meta":{"footnotes":""},"categories":[10,5],"tags":[],"class_list":["post-330","post","type-post","status-publish","format-standard","hentry","category-filosofiskt","category-personligt","content-layout-excerpt-thumb"],"_links":{"self":[{"href":"https:\/\/fredrikalvelov.se\/index.php?rest_route=\/wp\/v2\/posts\/330","targetHints":{"allow":["GET"]}}],"collection":[{"href":"https:\/\/fredrikalvelov.se\/index.php?rest_route=\/wp\/v2\/posts"}],"about":[{"href":"https:\/\/fredrikalvelov.se\/index.php?rest_route=\/wp\/v2\/types\/post"}],"author":[{"embeddable":true,"href":"https:\/\/fredrikalvelov.se\/index.php?rest_route=\/wp\/v2\/users\/1"}],"replies":[{"embeddable":true,"href":"https:\/\/fredrikalvelov.se\/index.php?rest_route=%2Fwp%2Fv2%2Fcomments&post=330"}],"version-history":[{"count":2,"href":"https:\/\/fredrikalvelov.se\/index.php?rest_route=\/wp\/v2\/posts\/330\/revisions"}],"predecessor-version":[{"id":361,"href":"https:\/\/fredrikalvelov.se\/index.php?rest_route=\/wp\/v2\/posts\/330\/revisions\/361"}],"wp:attachment":[{"href":"https:\/\/fredrikalvelov.se\/index.php?rest_route=%2Fwp%2Fv2%2Fmedia&parent=330"}],"wp:term":[{"taxonomy":"category","embeddable":true,"href":"https:\/\/fredrikalvelov.se\/index.php?rest_route=%2Fwp%2Fv2%2Fcategories&post=330"},{"taxonomy":"post_tag","embeddable":true,"href":"https:\/\/fredrikalvelov.se\/index.php?rest_route=%2Fwp%2Fv2%2Ftags&post=330"}],"curies":[{"name":"wp","href":"https:\/\/api.w.org\/{rel}","templated":true}]}}