{"id":242,"date":"2012-01-18T23:17:34","date_gmt":"2012-01-18T22:17:34","guid":{"rendered":"http:\/\/fredrikalvelov.se\/?p=242"},"modified":"2012-07-12T20:36:07","modified_gmt":"2012-07-12T18:36:07","slug":"att-soka-jobb-ar-ocksa-ett-jobb","status":"publish","type":"post","link":"https:\/\/fredrikalvelov.se\/?p=242","title":{"rendered":"Att s\u00f6ka jobb \u00e4r ocks\u00e5 ett jobb"},"content":{"rendered":"<p>Jag har varit arbetsl\u00f6s (eller arbetsfri) sedan den 1 november. \u00c4n s\u00e5 l\u00e4nge f\u00e5r jag ers\u00e4ttning fr\u00e5n mitt f\u00f6rra jobb, s\u00e5 jag tillh\u00f6r inte de som \u00e4r \u00f6ppet arbetsl\u00f6sa p\u00e5 ett tag. Med engagemang och envishet hoppas jag slippa det. De ser s\u00e5 bedr\u00f6vade ut d\u00e4r de st\u00e5r och fryser med sina plastmappar och cigaretter utanf\u00f6r Arbetsf\u00f6rmedlingen. Jag k\u00e4nde mig privilegierad i tisdags, n\u00e4r jag gick till min jobbcoach p\u00e5 ett privat f\u00f6retag.<\/p>\n<p>Det finns alltid de som har det v\u00e4rre om man ser sig omkring. Om jag blev snuskigt rik, skulle jag sk\u00e4nka gl\u00e4dje med pengarna till de som har det s\u00e4mre i min hemstad. Tills dess g\u00f6r jag vad jag kan genom uppdragen som god man och f\u00f6rvaltare.<\/p>\n","protected":false},"excerpt":{"rendered":"<p>Jag har varit arbetsl\u00f6s (eller arbetsfri) sedan den 1 november. \u00c4n s\u00e5 l\u00e4nge f\u00e5r jag ers\u00e4ttning fr\u00e5n mitt f\u00f6rra jobb, s\u00e5 jag tillh\u00f6r inte de som \u00e4r \u00f6ppet arbetsl\u00f6sa p\u00e5 ett tag. Med engagemang och envishet hoppas jag slippa det&#8230;. <a href=\"https:\/\/fredrikalvelov.se\/?p=242\" class=\"readmore\">L\u00e4s mer<span class=\"screen-reader-text\">Att s\u00f6ka jobb \u00e4r ocks\u00e5 ett jobb<\/span><span class=\"fa fa-angle-double-right\" aria-hidden=\"true\"><\/span><\/a><\/p>\n","protected":false},"author":1,"featured_media":0,"comment_status":"open","ping_status":"open","sticky":false,"template":"","format":"standard","meta":{"footnotes":""},"categories":[5,6],"tags":[],"class_list":["post-242","post","type-post","status-publish","format-standard","hentry","category-personligt","category-samhalle","content-layout-excerpt-thumb"],"_links":{"self":[{"href":"https:\/\/fredrikalvelov.se\/index.php?rest_route=\/wp\/v2\/posts\/242","targetHints":{"allow":["GET"]}}],"collection":[{"href":"https:\/\/fredrikalvelov.se\/index.php?rest_route=\/wp\/v2\/posts"}],"about":[{"href":"https:\/\/fredrikalvelov.se\/index.php?rest_route=\/wp\/v2\/types\/post"}],"author":[{"embeddable":true,"href":"https:\/\/fredrikalvelov.se\/index.php?rest_route=\/wp\/v2\/users\/1"}],"replies":[{"embeddable":true,"href":"https:\/\/fredrikalvelov.se\/index.php?rest_route=%2Fwp%2Fv2%2Fcomments&post=242"}],"version-history":[{"count":2,"href":"https:\/\/fredrikalvelov.se\/index.php?rest_route=\/wp\/v2\/posts\/242\/revisions"}],"predecessor-version":[{"id":372,"href":"https:\/\/fredrikalvelov.se\/index.php?rest_route=\/wp\/v2\/posts\/242\/revisions\/372"}],"wp:attachment":[{"href":"https:\/\/fredrikalvelov.se\/index.php?rest_route=%2Fwp%2Fv2%2Fmedia&parent=242"}],"wp:term":[{"taxonomy":"category","embeddable":true,"href":"https:\/\/fredrikalvelov.se\/index.php?rest_route=%2Fwp%2Fv2%2Fcategories&post=242"},{"taxonomy":"post_tag","embeddable":true,"href":"https:\/\/fredrikalvelov.se\/index.php?rest_route=%2Fwp%2Fv2%2Ftags&post=242"}],"curies":[{"name":"wp","href":"https:\/\/api.w.org\/{rel}","templated":true}]}}