{"id":239,"date":"2011-12-10T13:36:14","date_gmt":"2011-12-10T12:36:14","guid":{"rendered":"http:\/\/fredrikalvelov.se\/?p=239"},"modified":"2012-07-12T20:36:24","modified_gmt":"2012-07-12T18:36:24","slug":"det-ar-mindre-an-100-meter-mellan-aren","status":"publish","type":"post","link":"https:\/\/fredrikalvelov.se\/?p=239","title":{"rendered":"Det \u00e4r mindre \u00e4n 100 meter mellan \u00e5ren"},"content":{"rendered":"<p>2002 br\u00f6t jag upp mitt f\u00f6rsta \u00e4ktenskap. N\u00e4r jag nu, 9 \u00e5r senare, tittar ut genom f\u00f6nstret fr\u00e5n l\u00e4genheten som jag och min sambo skaffade i h\u00f6stas, kan jag rakt \u00f6ver g\u00e5rden se porten d\u00e4r jag bodde 2002. Knappt 100 meter bort, men s\u00e5 m\u00e5nga moln har passerat p\u00e5 min himmel sedan dess. B\u00e5de vackra sommarmoln i all sin fluffighet och tunga \u00e5skmoln med hagel och blixtar.<\/p>\n<p>N\u00e4r jag promenerar i mina barndomskvarter i Almby, en knapp kilometer h\u00e4rifr\u00e5n, blir skillnaden mellan tid och rum \u00e4nnu tydligare. N\u00e5gra av husen \u00e4r ombyggda och gatorna har f\u00e5tt cykelbanor och farthinder, men i allt v\u00e4sentligt \u00e4r det sig likt som det var p\u00e5 70- och 80-talet. M\u00e4nniskorna \u00e4r d\u00e4remot borta. M\u00e5nga har flyttat. N\u00e5gra \u00e4r d\u00f6da. Jag har inget som binder mig till platsen l\u00e4ngre &#8211; bara minnen.<\/p>\n","protected":false},"excerpt":{"rendered":"<p>2002 br\u00f6t jag upp mitt f\u00f6rsta \u00e4ktenskap. N\u00e4r jag nu, 9 \u00e5r senare, tittar ut genom f\u00f6nstret fr\u00e5n l\u00e4genheten som jag och min sambo skaffade i h\u00f6stas, kan jag rakt \u00f6ver g\u00e5rden se porten d\u00e4r jag bodde 2002. Knappt 100&#8230; <a href=\"https:\/\/fredrikalvelov.se\/?p=239\" class=\"readmore\">L\u00e4s mer<span class=\"screen-reader-text\">Det \u00e4r mindre \u00e4n 100 meter mellan \u00e5ren<\/span><span class=\"fa fa-angle-double-right\" aria-hidden=\"true\"><\/span><\/a><\/p>\n","protected":false},"author":1,"featured_media":0,"comment_status":"open","ping_status":"open","sticky":false,"template":"","format":"standard","meta":{"footnotes":""},"categories":[10,5],"tags":[],"class_list":["post-239","post","type-post","status-publish","format-standard","hentry","category-filosofiskt","category-personligt","content-layout-excerpt-thumb"],"_links":{"self":[{"href":"https:\/\/fredrikalvelov.se\/index.php?rest_route=\/wp\/v2\/posts\/239","targetHints":{"allow":["GET"]}}],"collection":[{"href":"https:\/\/fredrikalvelov.se\/index.php?rest_route=\/wp\/v2\/posts"}],"about":[{"href":"https:\/\/fredrikalvelov.se\/index.php?rest_route=\/wp\/v2\/types\/post"}],"author":[{"embeddable":true,"href":"https:\/\/fredrikalvelov.se\/index.php?rest_route=\/wp\/v2\/users\/1"}],"replies":[{"embeddable":true,"href":"https:\/\/fredrikalvelov.se\/index.php?rest_route=%2Fwp%2Fv2%2Fcomments&post=239"}],"version-history":[{"count":2,"href":"https:\/\/fredrikalvelov.se\/index.php?rest_route=\/wp\/v2\/posts\/239\/revisions"}],"predecessor-version":[{"id":373,"href":"https:\/\/fredrikalvelov.se\/index.php?rest_route=\/wp\/v2\/posts\/239\/revisions\/373"}],"wp:attachment":[{"href":"https:\/\/fredrikalvelov.se\/index.php?rest_route=%2Fwp%2Fv2%2Fmedia&parent=239"}],"wp:term":[{"taxonomy":"category","embeddable":true,"href":"https:\/\/fredrikalvelov.se\/index.php?rest_route=%2Fwp%2Fv2%2Fcategories&post=239"},{"taxonomy":"post_tag","embeddable":true,"href":"https:\/\/fredrikalvelov.se\/index.php?rest_route=%2Fwp%2Fv2%2Ftags&post=239"}],"curies":[{"name":"wp","href":"https:\/\/api.w.org\/{rel}","templated":true}]}}