{"id":201,"date":"2011-10-02T01:48:01","date_gmt":"2011-10-01T23:48:01","guid":{"rendered":"http:\/\/fredrikalvelov.se\/?p=201"},"modified":"2012-07-12T20:41:45","modified_gmt":"2012-07-12T18:41:45","slug":"jag-saknar-mig-sjalv","status":"publish","type":"post","link":"https:\/\/fredrikalvelov.se\/?p=201","title":{"rendered":"Jag saknar mig sj\u00e4lv"},"content":{"rendered":"<p>Det fanns en tid i mitt liv som var fylld av reflektion, vilket var \u00e4mnet i mitt f\u00f6rra inl\u00e4gg. Kanske \u00e4r det s\u00e5 f\u00f6r m\u00e5nga, att under ton\u00e5rstiden och \u00e5ren n\u00e4rmast d\u00e4refter \u00e4r man mer introspektiv &#8211; en navelsk\u00e5dare.<\/p>\n<p>Jag vill alltid st\u00e5 mig sj\u00e4lv n\u00e4rmast. Inte f\u00f6r att jag \u00e4r v\u00e4rldens st\u00f6rsta egoist, utan just f\u00f6r att genom sig sj\u00e4lv k\u00e4nner man andra.<\/p>\n<blockquote><p>Gnothi Seauton &#8211; k\u00e4nn dig sj\u00e4lv!<\/p><\/blockquote>\n<p>Sj\u00e4lvk\u00e4nnedom \u00e4r fundamentalt f\u00f6r m\u00e4nskligheten. Den driver oss fram\u00e5t och ger oss riktning i livet. Den \u00e4r skillnaden mellan de som bygger upp samh\u00e4llet och de som bryter ner det.<\/p>\n<p>I stunder som denna, n\u00e4r livet \u00e4ndrar riktning och framtiden ligger som en m\u00f6rk motorv\u00e4g, d\u00e5 \u00e4r sj\u00e4lvk\u00e4nnedomen en ledstj\u00e4rna, som lyser upp och skapar avfarter p\u00e5 den m\u00f6rka v\u00e4gen.<\/p>\n<p>Jag ser mig sj\u00e4lv som en s\u00e5dan ledstj\u00e4rna. D\u00e4r hj\u00e4lp beh\u00f6vs, d\u00e4r vill jag vara. Hj\u00e4lpa andra att komma vidare i livet. Det \u00e4r en l\u00e5ng v\u00e4g dit fr\u00e5n den plats d\u00e4r jag befinner nu, bland papper, paragrafer och pengar.<\/p>\n<p>&nbsp;<\/p>\n","protected":false},"excerpt":{"rendered":"<p>Det fanns en tid i mitt liv som var fylld av reflektion, vilket var \u00e4mnet i mitt f\u00f6rra inl\u00e4gg. Kanske \u00e4r det s\u00e5 f\u00f6r m\u00e5nga, att under ton\u00e5rstiden och \u00e5ren n\u00e4rmast d\u00e4refter \u00e4r man mer introspektiv &#8211; en navelsk\u00e5dare. Jag&#8230; <a href=\"https:\/\/fredrikalvelov.se\/?p=201\" class=\"readmore\">L\u00e4s mer<span class=\"screen-reader-text\">Jag saknar mig sj\u00e4lv<\/span><span class=\"fa fa-angle-double-right\" aria-hidden=\"true\"><\/span><\/a><\/p>\n","protected":false},"author":1,"featured_media":0,"comment_status":"open","ping_status":"open","sticky":false,"template":"","format":"standard","meta":{"footnotes":""},"categories":[10,5],"tags":[],"class_list":["post-201","post","type-post","status-publish","format-standard","hentry","category-filosofiskt","category-personligt","content-layout-excerpt-thumb"],"_links":{"self":[{"href":"https:\/\/fredrikalvelov.se\/index.php?rest_route=\/wp\/v2\/posts\/201","targetHints":{"allow":["GET"]}}],"collection":[{"href":"https:\/\/fredrikalvelov.se\/index.php?rest_route=\/wp\/v2\/posts"}],"about":[{"href":"https:\/\/fredrikalvelov.se\/index.php?rest_route=\/wp\/v2\/types\/post"}],"author":[{"embeddable":true,"href":"https:\/\/fredrikalvelov.se\/index.php?rest_route=\/wp\/v2\/users\/1"}],"replies":[{"embeddable":true,"href":"https:\/\/fredrikalvelov.se\/index.php?rest_route=%2Fwp%2Fv2%2Fcomments&post=201"}],"version-history":[{"count":3,"href":"https:\/\/fredrikalvelov.se\/index.php?rest_route=\/wp\/v2\/posts\/201\/revisions"}],"predecessor-version":[{"id":384,"href":"https:\/\/fredrikalvelov.se\/index.php?rest_route=\/wp\/v2\/posts\/201\/revisions\/384"}],"wp:attachment":[{"href":"https:\/\/fredrikalvelov.se\/index.php?rest_route=%2Fwp%2Fv2%2Fmedia&parent=201"}],"wp:term":[{"taxonomy":"category","embeddable":true,"href":"https:\/\/fredrikalvelov.se\/index.php?rest_route=%2Fwp%2Fv2%2Fcategories&post=201"},{"taxonomy":"post_tag","embeddable":true,"href":"https:\/\/fredrikalvelov.se\/index.php?rest_route=%2Fwp%2Fv2%2Ftags&post=201"}],"curies":[{"name":"wp","href":"https:\/\/api.w.org\/{rel}","templated":true}]}}