{"id":197,"date":"2011-10-02T01:00:12","date_gmt":"2011-10-01T23:00:12","guid":{"rendered":"http:\/\/fredrikalvelov.se\/?p=197"},"modified":"2012-07-12T20:39:30","modified_gmt":"2012-07-12T18:39:30","slug":"att-reflektera-i-ekorrhjulet","status":"publish","type":"post","link":"https:\/\/fredrikalvelov.se\/?p=197","title":{"rendered":"Att reflektera i ekorrhjulet"},"content":{"rendered":"<p>N\u00e4r ekorrhjulet snurrar allt fortare, p\u00e5drivet av profithungriga aktie\u00e4gare, d\u00e5 \u00e4r det sv\u00e5rt att f\u00e5 tid \u00f6ver till reflektion. Mer ska utf\u00f6ras med mindre personella resurser. Vi ska jobba smartare, implementera LEAN eller andra systematiserade arbetss\u00e4tt.<\/p>\n<blockquote><p>Hur jobbar man smartare utan tid f\u00f6r eftertanke?<\/p><\/blockquote>\n<p>Det som h\u00e4nder vid stress \u00e4r att hj\u00e4rnan l\u00e5ser sig. Allt blir mer sv\u00e5rtillg\u00e4ngligt. Minnena g\u00f6mmer sig i en surrande massa, en ih\u00e5llande ton av bakgrundsljud, en gr\u00e5 filt lindar in medvetandet.<\/p>\n<p>Man v\u00e4rderar ist\u00e4llet f\u00f6r att reflektera. Det blir negativa spiraler och h\u00e5rda ord. Armar str\u00e4cks panikartat ut och h\u00e4nder griper tag fr\u00e5n alla h\u00e5ll och vi drar ner varandra i ett tr\u00e4sk av om\u00f6jligheter. Utan lugn och eftertanke kommer detta m\u00f6nster inte att brytas innan det \u00e4r f\u00f6r sent. Depression, utbr\u00e4ndhet och folk som s\u00e4ger upp sig. R\u00e4dda sig den som kan!<\/p>\n<p>Det viktigaste en chef eller f\u00f6retagsledare kan g\u00f6ra \u00e4r att lyssna p\u00e5 de anst\u00e4llda. De gn\u00e4ller inte f\u00f6r att det \u00e4r deras st\u00f6rsta n\u00f6je. De \u00e4r ofta mer m\u00e5na om att arbetsplatsen ska fungera \u00e4n de h\u00f6gsta cheferna, som snart kan hitta n\u00e5got annat om det g\u00e5r \u00e5t skogen. De som jobbat i 20-30 \u00e5r p\u00e5 samma st\u00e4lle ser jobbet som sitt andra hem &#8211; inte bara ett underlag f\u00f6r l\u00f6nekuvertet.<\/p>\n","protected":false},"excerpt":{"rendered":"<p>N\u00e4r ekorrhjulet snurrar allt fortare, p\u00e5drivet av profithungriga aktie\u00e4gare, d\u00e5 \u00e4r det sv\u00e5rt att f\u00e5 tid \u00f6ver till reflektion. Mer ska utf\u00f6ras med mindre personella resurser. Vi ska jobba smartare, implementera LEAN eller andra systematiserade arbetss\u00e4tt. Hur jobbar man smartare&#8230; <a href=\"https:\/\/fredrikalvelov.se\/?p=197\" class=\"readmore\">L\u00e4s mer<span class=\"screen-reader-text\">Att reflektera i ekorrhjulet<\/span><span class=\"fa fa-angle-double-right\" aria-hidden=\"true\"><\/span><\/a><\/p>\n","protected":false},"author":1,"featured_media":0,"comment_status":"open","ping_status":"open","sticky":false,"template":"","format":"standard","meta":{"footnotes":""},"categories":[5,6],"tags":[],"class_list":["post-197","post","type-post","status-publish","format-standard","hentry","category-personligt","category-samhalle","content-layout-excerpt-thumb"],"_links":{"self":[{"href":"https:\/\/fredrikalvelov.se\/index.php?rest_route=\/wp\/v2\/posts\/197","targetHints":{"allow":["GET"]}}],"collection":[{"href":"https:\/\/fredrikalvelov.se\/index.php?rest_route=\/wp\/v2\/posts"}],"about":[{"href":"https:\/\/fredrikalvelov.se\/index.php?rest_route=\/wp\/v2\/types\/post"}],"author":[{"embeddable":true,"href":"https:\/\/fredrikalvelov.se\/index.php?rest_route=\/wp\/v2\/users\/1"}],"replies":[{"embeddable":true,"href":"https:\/\/fredrikalvelov.se\/index.php?rest_route=%2Fwp%2Fv2%2Fcomments&post=197"}],"version-history":[{"count":3,"href":"https:\/\/fredrikalvelov.se\/index.php?rest_route=\/wp\/v2\/posts\/197\/revisions"}],"predecessor-version":[{"id":381,"href":"https:\/\/fredrikalvelov.se\/index.php?rest_route=\/wp\/v2\/posts\/197\/revisions\/381"}],"wp:attachment":[{"href":"https:\/\/fredrikalvelov.se\/index.php?rest_route=%2Fwp%2Fv2%2Fmedia&parent=197"}],"wp:term":[{"taxonomy":"category","embeddable":true,"href":"https:\/\/fredrikalvelov.se\/index.php?rest_route=%2Fwp%2Fv2%2Fcategories&post=197"},{"taxonomy":"post_tag","embeddable":true,"href":"https:\/\/fredrikalvelov.se\/index.php?rest_route=%2Fwp%2Fv2%2Ftags&post=197"}],"curies":[{"name":"wp","href":"https:\/\/api.w.org\/{rel}","templated":true}]}}