{"id":195,"date":"2011-10-01T12:17:33","date_gmt":"2011-10-01T10:17:33","guid":{"rendered":"http:\/\/fredrikalvelov.se\/?p=195"},"modified":"2012-07-12T20:42:01","modified_gmt":"2012-07-12T18:42:01","slug":"lagom-mycket-fordomar","status":"publish","type":"post","link":"https:\/\/fredrikalvelov.se\/?p=195","title":{"rendered":"Lagom mycket f\u00f6rdomar?"},"content":{"rendered":"<p>Finl\u00e4ndare var andra klassens medborgare f\u00f6r n\u00e5gra \u00e5rtionden sedan. Nu \u00e4r det ingen (nja, n\u00e5gra f\u00e5, kanske) som ser n\u00e5got konstigt med ett finskt ursprung. Zigenare (f\u00f6rl\u00e5t &#8211; <em>romer<\/em>) d\u00e4remot ses fortfarande av m\u00e5nga som kontroversiella, delvis eftersom de i stor utstr\u00e4ckning har beh\u00e5llit sin kultur.<\/p>\n<p>I DN diskuterades filmen &#8221;J\u00e4garna 2&#8221; och man konstaterar i artikeln att finnarna n\u00e4stan uteslutande \u00e4r &#8221;bad guys&#8221;. Valet stod mellan finnarna eller romerna (som enligt Kjell Sundvall var de riktiga f\u00f6rebilderna f\u00f6r karakt\u00e4rerna), men att ha gett romerna en s\u00e5dan roll hade blivit f\u00f6r rasistiskt.<\/p>\n<p>Det som hade varit alldeles galet och f\u00f6rdomsfullt f\u00f6r n\u00e5gra decennier sedan \u00e4r nu <em>n\u00e4stan<\/em> ok. Det g\u00e4ller att vara lagom f\u00f6rdomsfull i mellanmj\u00f6lkens f\u00f6rlovade land.<\/p>\n","protected":false},"excerpt":{"rendered":"<p>Finl\u00e4ndare var andra klassens medborgare f\u00f6r n\u00e5gra \u00e5rtionden sedan. Nu \u00e4r det ingen (nja, n\u00e5gra f\u00e5, kanske) som ser n\u00e5got konstigt med ett finskt ursprung. Zigenare (f\u00f6rl\u00e5t &#8211; romer) d\u00e4remot ses fortfarande av m\u00e5nga som kontroversiella, delvis eftersom de i&#8230; <a href=\"https:\/\/fredrikalvelov.se\/?p=195\" class=\"readmore\">L\u00e4s mer<span class=\"screen-reader-text\">Lagom mycket f\u00f6rdomar?<\/span><span class=\"fa fa-angle-double-right\" aria-hidden=\"true\"><\/span><\/a><\/p>\n","protected":false},"author":1,"featured_media":0,"comment_status":"open","ping_status":"open","sticky":false,"template":"","format":"standard","meta":{"footnotes":""},"categories":[10,6],"tags":[],"class_list":["post-195","post","type-post","status-publish","format-standard","hentry","category-filosofiskt","category-samhalle","content-layout-excerpt-thumb"],"_links":{"self":[{"href":"https:\/\/fredrikalvelov.se\/index.php?rest_route=\/wp\/v2\/posts\/195","targetHints":{"allow":["GET"]}}],"collection":[{"href":"https:\/\/fredrikalvelov.se\/index.php?rest_route=\/wp\/v2\/posts"}],"about":[{"href":"https:\/\/fredrikalvelov.se\/index.php?rest_route=\/wp\/v2\/types\/post"}],"author":[{"embeddable":true,"href":"https:\/\/fredrikalvelov.se\/index.php?rest_route=\/wp\/v2\/users\/1"}],"replies":[{"embeddable":true,"href":"https:\/\/fredrikalvelov.se\/index.php?rest_route=%2Fwp%2Fv2%2Fcomments&post=195"}],"version-history":[{"count":3,"href":"https:\/\/fredrikalvelov.se\/index.php?rest_route=\/wp\/v2\/posts\/195\/revisions"}],"predecessor-version":[{"id":385,"href":"https:\/\/fredrikalvelov.se\/index.php?rest_route=\/wp\/v2\/posts\/195\/revisions\/385"}],"wp:attachment":[{"href":"https:\/\/fredrikalvelov.se\/index.php?rest_route=%2Fwp%2Fv2%2Fmedia&parent=195"}],"wp:term":[{"taxonomy":"category","embeddable":true,"href":"https:\/\/fredrikalvelov.se\/index.php?rest_route=%2Fwp%2Fv2%2Fcategories&post=195"},{"taxonomy":"post_tag","embeddable":true,"href":"https:\/\/fredrikalvelov.se\/index.php?rest_route=%2Fwp%2Fv2%2Ftags&post=195"}],"curies":[{"name":"wp","href":"https:\/\/api.w.org\/{rel}","templated":true}]}}