{"id":193,"date":"2011-09-30T21:28:37","date_gmt":"2011-09-30T19:28:37","guid":{"rendered":"http:\/\/fredrikalvelov.se\/?p=193"},"modified":"2012-07-12T20:42:10","modified_gmt":"2012-07-12T18:42:10","slug":"manniskors-vardeminskning","status":"publish","type":"post","link":"https:\/\/fredrikalvelov.se\/?p=193","title":{"rendered":"M\u00e4nniskors v\u00e4rdeminskning"},"content":{"rendered":"<p>Jag skrev f\u00f6r ett tag sedan om multimedias v\u00e4rdeminskning. Det \u00e4r numera s\u00e5 l\u00e4tt att snabbt f\u00e5 tag p\u00e5 den musik eller film som man vill ha.<\/p>\n<p>Det f\u00e5r mig att fundera p\u00e5 om inte samma inflation har drabbat arbetsmarknaden. N\u00e4r kompetens avf\u00e4rdas s\u00e5 l\u00e4tt som jag har sett exempel p\u00e5, n\u00e4r man inte ska tro att man \u00e4r oers\u00e4ttlig, n\u00e4r folk klagar p\u00e5 \u00f6verbelastning och f\u00e5r h\u00f6ra att &#8221;d\u00e5 de b\u00f6rjar klaga, d\u00e5 \u00e4r det lagom mycket att g\u00f6ra&#8221; &#8211; ja, d\u00e5 blir jag r\u00e4dd att m\u00e4nniskors v\u00e4rde ocks\u00e5 har minskat. K\u00f6r slut p\u00e5 dem och anst\u00e4ll nya.<\/p>\n<p>Om chefsgruppen byts ut vart tredje \u00e5r beh\u00f6ver ingen ta ansvar f\u00f6r de som jobbar kvar. N\u00e4r chefsjobbet enbart g\u00e5r ut p\u00e5 att tj\u00e4na snabba pengar p\u00e5 andras h\u00e5rda slit, d\u00e5 f\u00e5r vi inga glada medarbetare.<\/p>\n","protected":false},"excerpt":{"rendered":"<p>Jag skrev f\u00f6r ett tag sedan om multimedias v\u00e4rdeminskning. Det \u00e4r numera s\u00e5 l\u00e4tt att snabbt f\u00e5 tag p\u00e5 den musik eller film som man vill ha. Det f\u00e5r mig att fundera p\u00e5 om inte samma inflation har drabbat arbetsmarknaden&#8230;. <a href=\"https:\/\/fredrikalvelov.se\/?p=193\" class=\"readmore\">L\u00e4s mer<span class=\"screen-reader-text\">M\u00e4nniskors v\u00e4rdeminskning<\/span><span class=\"fa fa-angle-double-right\" aria-hidden=\"true\"><\/span><\/a><\/p>\n","protected":false},"author":1,"featured_media":0,"comment_status":"open","ping_status":"open","sticky":false,"template":"","format":"standard","meta":{"footnotes":""},"categories":[6],"tags":[],"class_list":["post-193","post","type-post","status-publish","format-standard","hentry","category-samhalle","content-layout-excerpt-thumb"],"_links":{"self":[{"href":"https:\/\/fredrikalvelov.se\/index.php?rest_route=\/wp\/v2\/posts\/193","targetHints":{"allow":["GET"]}}],"collection":[{"href":"https:\/\/fredrikalvelov.se\/index.php?rest_route=\/wp\/v2\/posts"}],"about":[{"href":"https:\/\/fredrikalvelov.se\/index.php?rest_route=\/wp\/v2\/types\/post"}],"author":[{"embeddable":true,"href":"https:\/\/fredrikalvelov.se\/index.php?rest_route=\/wp\/v2\/users\/1"}],"replies":[{"embeddable":true,"href":"https:\/\/fredrikalvelov.se\/index.php?rest_route=%2Fwp%2Fv2%2Fcomments&post=193"}],"version-history":[{"count":2,"href":"https:\/\/fredrikalvelov.se\/index.php?rest_route=\/wp\/v2\/posts\/193\/revisions"}],"predecessor-version":[{"id":386,"href":"https:\/\/fredrikalvelov.se\/index.php?rest_route=\/wp\/v2\/posts\/193\/revisions\/386"}],"wp:attachment":[{"href":"https:\/\/fredrikalvelov.se\/index.php?rest_route=%2Fwp%2Fv2%2Fmedia&parent=193"}],"wp:term":[{"taxonomy":"category","embeddable":true,"href":"https:\/\/fredrikalvelov.se\/index.php?rest_route=%2Fwp%2Fv2%2Fcategories&post=193"},{"taxonomy":"post_tag","embeddable":true,"href":"https:\/\/fredrikalvelov.se\/index.php?rest_route=%2Fwp%2Fv2%2Ftags&post=193"}],"curies":[{"name":"wp","href":"https:\/\/api.w.org\/{rel}","templated":true}]}}