{"id":100,"date":"2011-02-18T21:24:40","date_gmt":"2011-02-18T20:24:40","guid":{"rendered":"http:\/\/www.fredrikalvelov.se\/?p=100"},"modified":"2012-07-12T20:43:44","modified_gmt":"2012-07-12T18:43:44","slug":"sagan-om-arbetsveckan-som-blev-en-helg","status":"publish","type":"post","link":"https:\/\/fredrikalvelov.se\/?p=100","title":{"rendered":"Sagan om arbetsveckan som blev en helg"},"content":{"rendered":"<p>S\u00e5 har det flutit f\u00f6rbi \u00e4nnu en arbetsvecka. 5 dagar jobb. 2 dagar helg. Sedan b\u00f6rjar det om igen. Mellan tonerna i musiken (Oceanlab)\u00a0 sugs arbetsveckan upp och f\u00f6rsvinner, som v\u00e4tska av en tv\u00e4ttsvamp.<\/p>\n<p>Doften fr\u00e5n k\u00f6ket skvallrar om att det snart blir kladdkaka som sk\u00f6n avrundning p\u00e5 kv\u00e4llen.<\/p>\n<p>-12 grader p\u00e5 termometern. Fullm\u00e5nen sprider bleka skuggor \u00f6ver landskapet runt staden. D\u00e5 \u00e4r det l\u00e4tt att glida bort i sig sj\u00e4lv och gl\u00f6mma att det finns ord som &#8221;plikt&#8221; eller &#8221;m\u00e5ste&#8221;.<\/p>\n<p>\u00c4nnu ett moll-7-ackord fr\u00e5n stereon sv\u00e4var fram som en b\u00f6ljande silkesduk genom rummet, sl\u00e5r an p\u00e5 min hj\u00e4rtestr\u00e4ng och\u00a0 baddar mitt medvetande f\u00f6rsiktigt och lite sorgset.<\/p>\n<p>N\u00e5gonstans f\u00f6ds n\u00e5gon, n\u00e5gonstans d\u00f6r n\u00e5gon. Just nu. Igen och igen.<\/p>\n<p>Arbetsveckan d\u00f6r. Helgen f\u00f6ds. Varje vecka. Igen och igen.<\/p>\n","protected":false},"excerpt":{"rendered":"<p>S\u00e5 har det flutit f\u00f6rbi \u00e4nnu en arbetsvecka. 5 dagar jobb. 2 dagar helg. Sedan b\u00f6rjar det om igen. Mellan tonerna i musiken (Oceanlab)\u00a0 sugs arbetsveckan upp och f\u00f6rsvinner, som v\u00e4tska av en tv\u00e4ttsvamp. Doften fr\u00e5n k\u00f6ket skvallrar om att&#8230; <a href=\"https:\/\/fredrikalvelov.se\/?p=100\" class=\"readmore\">L\u00e4s mer<span class=\"screen-reader-text\">Sagan om arbetsveckan som blev en helg<\/span><span class=\"fa fa-angle-double-right\" aria-hidden=\"true\"><\/span><\/a><\/p>\n","protected":false},"author":1,"featured_media":0,"comment_status":"open","ping_status":"open","sticky":false,"template":"","format":"standard","meta":{"footnotes":""},"categories":[5,6],"tags":[],"class_list":["post-100","post","type-post","status-publish","format-standard","hentry","category-personligt","category-samhalle","content-layout-excerpt-thumb"],"_links":{"self":[{"href":"https:\/\/fredrikalvelov.se\/index.php?rest_route=\/wp\/v2\/posts\/100","targetHints":{"allow":["GET"]}}],"collection":[{"href":"https:\/\/fredrikalvelov.se\/index.php?rest_route=\/wp\/v2\/posts"}],"about":[{"href":"https:\/\/fredrikalvelov.se\/index.php?rest_route=\/wp\/v2\/types\/post"}],"author":[{"embeddable":true,"href":"https:\/\/fredrikalvelov.se\/index.php?rest_route=\/wp\/v2\/users\/1"}],"replies":[{"embeddable":true,"href":"https:\/\/fredrikalvelov.se\/index.php?rest_route=%2Fwp%2Fv2%2Fcomments&post=100"}],"version-history":[{"count":3,"href":"https:\/\/fredrikalvelov.se\/index.php?rest_route=\/wp\/v2\/posts\/100\/revisions"}],"predecessor-version":[{"id":395,"href":"https:\/\/fredrikalvelov.se\/index.php?rest_route=\/wp\/v2\/posts\/100\/revisions\/395"}],"wp:attachment":[{"href":"https:\/\/fredrikalvelov.se\/index.php?rest_route=%2Fwp%2Fv2%2Fmedia&parent=100"}],"wp:term":[{"taxonomy":"category","embeddable":true,"href":"https:\/\/fredrikalvelov.se\/index.php?rest_route=%2Fwp%2Fv2%2Fcategories&post=100"},{"taxonomy":"post_tag","embeddable":true,"href":"https:\/\/fredrikalvelov.se\/index.php?rest_route=%2Fwp%2Fv2%2Ftags&post=100"}],"curies":[{"name":"wp","href":"https:\/\/api.w.org\/{rel}","templated":true}]}}